{"id":8417,"date":"2021-03-02T15:16:15","date_gmt":"2021-03-02T14:16:15","guid":{"rendered":"https:\/\/preventionsida.org\/?p=8417"},"modified":"2021-03-04T11:53:53","modified_gmt":"2021-03-04T10:53:53","slug":"vih-et-ist-au-feminin-le-live-facebook-pour-la-journee-internationale-des-droits-des-femmes","status":"publish","type":"post","link":"https:\/\/preventionsida.org\/fr\/vih-et-ist-au-feminin-le-live-facebook-pour-la-journee-internationale-des-droits-des-femmes\/","title":{"rendered":"\u00ab\u00a0VIH et IST au F\u00e9minin\u00a0\u00bb, le Live Facebook pour la Journ\u00e9e Internationale des Droits des Femmes !"},"content":{"rendered":"","protected":false},"excerpt":{"rendered":"","protected":false},"author":2,"featured_media":8418,"comment_status":"closed","ping_status":"closed","sticky":false,"template":"","format":"standard","meta":{"_acf_changed":false,"footnotes":""},"categories":[15],"tags":[],"class_list":["post-8417","post","type-post","status-publish","format-standard","has-post-thumbnail","hentry","category-news"],"acf":{"sidebar":false,"contenu_flexible":[{"acf_fc_layout":"textfull","text":"<h1 style=\"text-align: center;\">Mieux comprendre les vuln\u00e9rabilit\u00e9s des femmes face au VIH et aux IST !<\/h1>\n<p style=\"text-align: center;\">VIH et IST au F\u00e9minin est un Live Facebook organis\u00e9 par \u00ab<strong>Cool and Safe<\/strong>\u00bb, le projet de Sant\u00e9 Sexuelle Communautaire de la Plateforme Pr\u00e9vention Sida, qui a pour but de <strong>revisiter la question des vuln\u00e9rabilit\u00e9s des femmes face au VIH<\/strong> et <strong>mettre en lumi\u00e8re les in\u00e9galit\u00e9s homme\/femme par rapport au VIH<\/strong>. Cette rencontre sera aussi l\u2019occasion de <strong>d\u00e9gager des recommandations concr\u00e8tes<\/strong>, sous forme d\u2019actions ou de plaidoyers, \u00e0 mettre en place dans ce domaine.<\/p>\n<p>&nbsp;<\/p>\n<p><a class=\"btn-center\" href=\"https:\/\/preventionsida.org\/wp-content\/uploads\/2021\/03\/CP_VIH-et-IST-au-feminin_8-Mars.pdf\">T\u00e9l\u00e9charger le communiqu\u00e9 de presse<\/a><\/p>\n","background_color":true},{"acf_fc_layout":"textfull","text":"<div align=\"center\">\n<h3>Retrouvez le live le <strong>8\/03 \u00e0 12h30<\/strong> via :<\/h3>\n<h3><span style=\"color: #363636;\"><span style=\"color: #66c6b7;\"><strong>\u2192<\/strong><\/span> notre<\/span> <a href=\"https:\/\/fb.me\/e\/1ZhSG8U2F\"><strong>\u00e9v\u00e8nement Facebook<\/strong><\/a><\/h3>\n<h3><span style=\"color: #363636;\"><strong><span style=\"color: #66c6b7;\">\u2192<\/span>\u00a0<\/strong>sur les pages Facebook de<\/span> <strong><a href=\"https:\/\/www.facebook.com\/coolandsafe\">Cool and Safe<\/a><\/strong> <span style=\"color: #363636;\">et<\/span> <strong><a href=\"https:\/\/www.facebook.com\/preventionsida\">Plateforme Pr\u00e9vention Sida<\/a><\/strong><\/h3>\n<\/div>\n","background_color":false},{"acf_fc_layout":"textfull","text":"<h3 style=\"text-align: center;\">Au menu de ce lunch sp\u00e9cial Journ\u00e9e Internationale des Droits de Femmes&#8230;<\/h3>\n<ul>\n<li><strong>Vous<\/strong> ! Profitez de ce live pour <strong>poser toutes vos questions et partager votre exp\u00e9rience sur ce sujet<\/strong> : \u00e0 l\u2019avance (en MP sur le Messenger de Cool and Safe ou en commentaire dans l&rsquo;\u00e9v\u00e9nement) et pendant le live (en commentaire du live).<\/li>\n<li><strong>Maureen Louhenapessy<\/strong>, directrice adjointe de la <strong>Plateforme Pr\u00e9vention Sida<\/strong>, animera la rencontre.<\/li>\n<li><strong>Sarah Demart<\/strong>, chercheuse \u00e0 l\u2019<strong>Observatoire du Sida et des Sexualit\u00e9s (ULB)<\/strong>, \u00e9voquera les raisons li\u00e9es au contexte qui expliquent ou renforcent les vuln\u00e9rabilit\u00e9s des femmes face au VIH.<\/li>\n<li><strong>Gr\u00e2ce Ntunzwenimana<\/strong>, responsable du groupe Mandela de la <strong>Plateforme Pr\u00e9vention Sida<\/strong>, abordera les vuln\u00e9rabilit\u00e9s des femmes vivant avec le VIH.<\/li>\n<li><strong>Assanatou Doucour\u00e9<\/strong>, responsable de l\u2019<strong>Association des Femmes Maliennes de Belgique<\/strong>, partagera avec nous son regard d\u2019actrice communautaire sur la sp\u00e9cificit\u00e9 des vuln\u00e9rabilit\u00e9s des femmes dans la prise en charge de leur sant\u00e9 sexuelle.<\/li>\n<li><strong>C\u00e9line Glorie<\/strong>, r\u00e9f\u00e9rente sant\u00e9 sexuelle et reproductive chez <strong>M\u00e9decins du Monde-Belgique<\/strong>, abordera la question des fragilit\u00e9s des femmes dans leurs relations avec les services de sant\u00e9 sexuelle et de pr\u00e9vention.<\/li>\n<\/ul>\n<p style=\"text-align: center;\"><strong>Au plaisir de vous retrouver nombreux le 8 mars, et surtout n\u2019h\u00e9sitez pas \u00e0 partager cet \u00e9v\u00e9nement !<br \/>\n<\/strong><\/p>\n<p><a class=\"btn-center\" href=\"https:\/\/fb.me\/e\/1ZhSG8U2F\">Voir l&rsquo;\u00e9v\u00e9nement sur facebook<\/a><\/p>\n<p><img loading=\"lazy\" decoding=\"async\" class=\"size-large wp-image-8384 aligncenter\" src=\"https:\/\/preventionsida.org\/wp-content\/uploads\/2021\/02\/Journee-de-la-femme_v4-1024x576.jpg\" alt=\"\" width=\"640\" height=\"360\" srcset=\"https:\/\/preventionsida.org\/wp-content\/uploads\/2021\/02\/Journee-de-la-femme_v4-1024x576.jpg 1024w, https:\/\/preventionsida.org\/wp-content\/uploads\/2021\/02\/Journee-de-la-femme_v4-300x169.jpg 300w, https:\/\/preventionsida.org\/wp-content\/uploads\/2021\/02\/Journee-de-la-femme_v4-768x432.jpg 768w, https:\/\/preventionsida.org\/wp-content\/uploads\/2021\/02\/Journee-de-la-femme_v4-1536x864.jpg 1536w, https:\/\/preventionsida.org\/wp-content\/uploads\/2021\/02\/Journee-de-la-femme_v4-2048x1152.jpg 2048w, https:\/\/preventionsida.org\/wp-content\/uploads\/2021\/02\/Journee-de-la-femme_v4-500x281.jpg 500w\" sizes=\"auto, (max-width: 640px) 100vw, 640px\" \/><\/p>\n","background_color":true}]},"_links":{"self":[{"href":"https:\/\/preventionsida.org\/fr\/wp-json\/wp\/v2\/posts\/8417","targetHints":{"allow":["GET"]}}],"collection":[{"href":"https:\/\/preventionsida.org\/fr\/wp-json\/wp\/v2\/posts"}],"about":[{"href":"https:\/\/preventionsida.org\/fr\/wp-json\/wp\/v2\/types\/post"}],"author":[{"embeddable":true,"href":"https:\/\/preventionsida.org\/fr\/wp-json\/wp\/v2\/users\/2"}],"replies":[{"embeddable":true,"href":"https:\/\/preventionsida.org\/fr\/wp-json\/wp\/v2\/comments?post=8417"}],"version-history":[{"count":21,"href":"https:\/\/preventionsida.org\/fr\/wp-json\/wp\/v2\/posts\/8417\/revisions"}],"predecessor-version":[{"id":8466,"href":"https:\/\/preventionsida.org\/fr\/wp-json\/wp\/v2\/posts\/8417\/revisions\/8466"}],"wp:featuredmedia":[{"embeddable":true,"href":"https:\/\/preventionsida.org\/fr\/wp-json\/wp\/v2\/media\/8418"}],"wp:attachment":[{"href":"https:\/\/preventionsida.org\/fr\/wp-json\/wp\/v2\/media?parent=8417"}],"wp:term":[{"taxonomy":"category","embeddable":true,"href":"https:\/\/preventionsida.org\/fr\/wp-json\/wp\/v2\/categories?post=8417"},{"taxonomy":"post_tag","embeddable":true,"href":"https:\/\/preventionsida.org\/fr\/wp-json\/wp\/v2\/tags?post=8417"}],"curies":[{"name":"wp","href":"https:\/\/api.w.org\/{rel}","templated":true}]}}