{"id":6814,"date":"2024-03-15T11:42:32","date_gmt":"2024-03-15T10:42:32","guid":{"rendered":"https:\/\/preventionsida.org\/?p=6814"},"modified":"2026-01-14T11:38:34","modified_gmt":"2026-01-14T10:38:34","slug":"formations-en-visioconference-sur-le-vih-et-les-ist","status":"publish","type":"post","link":"https:\/\/preventionsida.org\/fr\/formations-en-visioconference-sur-le-vih-et-les-ist\/","title":{"rendered":"Formations sur la sant\u00e9 sexuelle en pr\u00e9sentiel"},"content":{"rendered":"","protected":false},"excerpt":{"rendered":"","protected":false},"author":2,"featured_media":11259,"comment_status":"closed","ping_status":"closed","sticky":false,"template":"","format":"standard","meta":{"_acf_changed":false,"footnotes":""},"categories":[15],"tags":[101,98,92,103,102],"class_list":["post-6814","post","type-post","status-publish","format-standard","has-post-thumbnail","hentry","category-news","tag-formation","tag-ist","tag-plateforme-prevention-sida","tag-prevention-combinee","tag-vih-sida"],"acf":{"sidebar":false,"contenu_flexible":[{"acf_fc_layout":"textfull","text":"<p>La Plateforme Pr\u00e9vention Sida propose des <strong>cycles de formation<\/strong>, en ligne et en pr\u00e9sentiel,<strong> sur la pr\u00e9vention combin\u00e9e du VIH, les Infections Sexuellement Transmissibles (IST), les m\u00e9thodes d&rsquo;animation pour les publics sp\u00e9cifiques, l&rsquo;accompagnement des public-cl\u00e9s, la migration et la sant\u00e9 sexuelle.<\/strong><\/p>\n<p>Ces <strong>formations s&rsquo;adressent aux professionnel.les qui travaillent les questions de la promotion de la sant\u00e9 sexuelle<\/strong>. Elles visent \u00e0 augmenter les connaissances des participant.es par rapport au VIH et aux IST mais \u00e9galement de renforcer leurs capacit\u00e9s et comp\u00e9tences afin de <strong>pouvoir aborder ces th\u00e9matiques avec leurs publics particuliers dans leurs domaines d\u2019activit\u00e9<\/strong>.<\/p>\n<p>Vous souhaitez mettre \u00e0 jour vos connaissances sur les IST, le VIH et\/ou les m\u00e9thodes d&rsquo;animation et d&rsquo;accompagnement? Ces formations sont faites pour vous !<\/p>\n","background_color":false},{"acf_fc_layout":"text2cols","background_color":false,"title":"CONTENU DES FORMATIONS","col_left":"<h3>Module \u00ab\u00a0La pr\u00e9vention combin\u00e9e du VIH\u00a0\u00bb<\/h3>\n<ul>\n<li>Les chiffres du VIH-sida en Belgique<\/li>\n<li>Enjeux de la pr\u00e9vention combin\u00e9e (pr\u00e9servatif-d\u00e9pistage-traitement)<\/li>\n<li>Modes de transmissions du VIH-sida<\/li>\n<li>Moyens de protection face au VIH-sida<\/li>\n<li>Les discriminations \u00e0 l&rsquo;encontre des personnes vivant avec le VIH<\/li>\n<li>Echanges et questions\/r\u00e9ponses<\/li>\n<\/ul>\n","col_right":"<h3>Module \u00ab\u00a0<strong>Les Infections Sexuellement Transmissibles (IST)\u00a0\u00bb<\/strong><\/h3>\n<ul>\n<li>Les chiffres des IST en Belgique<\/li>\n<li>Les modes de transmissions des IST<\/li>\n<li>Les moyens de protection face aux IST<\/li>\n<li>Le d\u00e9pistage des IST<\/li>\n<li>Le traitement des IST<\/li>\n<li>Echanges et questions\/r\u00e9ponses<\/li>\n<\/ul>\n<h2><\/h2>\n"},{"acf_fc_layout":"text2cols","background_color":false,"title":"","col_left":"<h3>Module \u00ab\u00a0La pr\u00e9vention des IST et du VIH via les animations de terrain\u00a0\u00bb<\/h3>\n<ul>\n<li>La pr\u00e9vention des IST et du VIH<\/li>\n<li>La diversit\u00e9 des publics<\/li>\n<li>Le choix des outils d&rsquo;animation<\/li>\n<li>Les m\u00e9thodes d&rsquo;animation<\/li>\n<li>Echanges et questions\/r\u00e9ponses<\/li>\n<li>Guide des bonnes pratiques<\/li>\n<\/ul>\n","col_right":"<h3>Module \u00ab\u00a0<strong>Hommes d&rsquo;origine \u00e9trang\u00e8re ayant des relations sexuelles avec d&rsquo;autres hommes et sant\u00e9 sexuelle <\/strong>\u00ab\u00a0<\/h3>\n<ul>\n<li>La pr\u00e9vention des IST et du VIH<\/li>\n<li>Approche g\u00e9n\u00e9rale des publics-cl\u00e9s<\/li>\n<li>L&rsquo;accompagnement sp\u00e9cifique<\/li>\n<li>La sant\u00e9 communautaire<\/li>\n<li>Echanges et questions\/r\u00e9ponses<\/li>\n<\/ul>\n"},{"acf_fc_layout":"text2cols","background_color":false,"title":"","col_left":"<h3>Module \u00ab\u00a0Discriminations, s\u00e9ropositivit\u00e9 et vuln\u00e9rabilit\u00e9s\u00a0\u00bb<\/h3>\n<ul>\n<li>La pr\u00e9vention des IST et du VIH<\/li>\n<li>Les discriminations et les stigmatisations<\/li>\n<li>Les situations de vuln\u00e9rabilit\u00e9<\/li>\n<li>Echanges et questions\/r\u00e9ponses<\/li>\n<\/ul>\n","col_right":"<h3>Module \u00ab\u00a0Migration, sant\u00e9 sexuelle et VIH\u00a0\u00bb<\/h3>\n<p class=\"\">Ce module vise \u00e0 aborder les principes g\u00e9n\u00e9raux de la migration et l\u2019impact des d\u00e9terminants sociaux de la sant\u00e9 sur la sant\u00e9 sexuelle des\u00a0migrants.es\u00a0durant tout le cycle migratoire (avant-pendant-apr\u00e8s).<\/p>\n<ul type=\"disc\">\n<li class=\"\">D\u00e9finition de la migration<\/li>\n<li class=\"\">Epid\u00e9miologie de la migration et VIH<\/li>\n<li class=\"\">Impact des d\u00e9terminants sociaux de la sant\u00e9<\/li>\n<li class=\"\">Barri\u00e8res \u00e0 l\u2019utilisation des services<\/li>\n<li class=\"\">Partage d\u2019exp\u00e9rience de terrain<\/li>\n<\/ul>\n"},{"acf_fc_layout":"imagefull","image":13455,"text":""},{"acf_fc_layout":"textfull","text":"<h2>Informations pratiques<\/h2>\n<h3><strong>Planning des formations en pr\u00e9sentiel<br \/>\n(<\/strong>\u00e0 la Plateforme Pr\u00e9vention Sida, place de la Vieille Halle aux Bl\u00e9s, 28-29, 1000 Bruxelles<strong>) :<\/strong><\/h3>\n<p><em>Pas de formations pr\u00e9vues pour le moment.<\/em><\/p>\n<h3>! Inscription obligatoire !<\/h3>\n<ul>\n<li>Dur\u00e9e de chaque module : 2h \/ 2h30<\/li>\n<li><strong>Vous pouvez vous inscrire \u00e0 plusieurs modules mais l&rsquo;inscription est obligatoire via le formulaire ci-dessous<\/strong><\/li>\n<li>Nombre maximum de participant.es : 15 personnes par s\u00e9ance<\/li>\n<\/ul>\n","background_color":true},{"acf_fc_layout":"textfull","text":"\n<div class=\"wpcf7 no-js\" id=\"wpcf7-f6708-o1\" lang=\"fr-FR\" dir=\"ltr\" data-wpcf7-id=\"6708\">\n<div class=\"screen-reader-response\"><p role=\"status\" aria-live=\"polite\" aria-atomic=\"true\"><\/p> <ul><\/ul><\/div>\n<form action=\"\/fr\/wp-json\/wp\/v2\/posts\/6814#wpcf7-f6708-o1\" method=\"post\" class=\"wpcf7-form init\" aria-label=\"Formulaire de contact\" novalidate=\"novalidate\" data-status=\"init\">\n<fieldset class=\"hidden-fields-container\"><input type=\"hidden\" name=\"_wpcf7\" value=\"6708\" \/><input type=\"hidden\" name=\"_wpcf7_version\" value=\"6.1.3\" \/><input type=\"hidden\" name=\"_wpcf7_locale\" value=\"fr_FR\" \/><input type=\"hidden\" name=\"_wpcf7_unit_tag\" value=\"wpcf7-f6708-o1\" \/><input type=\"hidden\" name=\"_wpcf7_container_post\" value=\"0\" \/><input type=\"hidden\" name=\"_wpcf7_posted_data_hash\" value=\"\" \/><input type=\"hidden\" name=\"_wpcf7_recaptcha_response\" value=\"\" \/>\n<\/fieldset>\n<p><label> Votre nom (obligatoire)<br \/>\n<span class=\"wpcf7-form-control-wrap\" data-name=\"your-name\"><input size=\"40\" maxlength=\"400\" class=\"wpcf7-form-control wpcf7-text wpcf7-validates-as-required\" aria-required=\"true\" aria-invalid=\"false\" value=\"\" type=\"text\" name=\"your-name\" \/><\/span> <\/label>\n<\/p>\n<p><label> Votre pr\u00e9nom (obligatoire)<br \/>\n<span class=\"wpcf7-form-control-wrap\" data-name=\"your-surname\"><input size=\"40\" maxlength=\"400\" class=\"wpcf7-form-control wpcf7-text wpcf7-validates-as-required\" aria-required=\"true\" aria-invalid=\"false\" value=\"\" type=\"text\" name=\"your-surname\" \/><\/span> <\/label>\n<\/p>\n<p><label> Institution (maison m\u00e9dicale, centre de planning familial, CLPS, etc...)(obligatoire)<br \/>\n<span class=\"wpcf7-form-control-wrap\" data-name=\"institution\"><input size=\"40\" maxlength=\"400\" class=\"wpcf7-form-control wpcf7-text wpcf7-validates-as-required\" aria-required=\"true\" aria-invalid=\"false\" value=\"\" type=\"text\" name=\"institution\" \/><\/span> <\/label>\n<\/p>\n<p><label> Adresse de l'institution(obligatoire)<br \/>\n<span class=\"wpcf7-form-control-wrap\" data-name=\"adresse-institution\"><input size=\"40\" maxlength=\"400\" class=\"wpcf7-form-control wpcf7-text wpcf7-validates-as-required\" aria-required=\"true\" aria-invalid=\"false\" value=\"\" type=\"text\" name=\"adresse-institution\" \/><\/span> <\/label>\n<\/p>\n<p><label> Fonction dans l'institution(obligatoire)<br \/>\n<span class=\"wpcf7-form-control-wrap\" data-name=\"fonction-institution\"><input size=\"40\" maxlength=\"400\" class=\"wpcf7-form-control wpcf7-text wpcf7-validates-as-required\" aria-required=\"true\" aria-invalid=\"false\" value=\"\" type=\"text\" name=\"fonction-institution\" \/><\/span> <\/label>\n<\/p>\n<p><label> Votre adresse de messagerie (obligatoire)<br \/>\n<span class=\"wpcf7-form-control-wrap\" data-name=\"your-email\"><input size=\"40\" maxlength=\"400\" class=\"wpcf7-form-control wpcf7-email wpcf7-validates-as-required wpcf7-text wpcf7-validates-as-email\" aria-required=\"true\" aria-invalid=\"false\" value=\"\" type=\"email\" name=\"your-email\" \/><\/span> <\/label>\n<\/p>\n<p><label> Votre num\u00e9ro de t\u00e9l\u00e9phone<br \/>\n<span class=\"wpcf7-form-control-wrap\" data-name=\"tel-305\"><input size=\"40\" maxlength=\"400\" class=\"wpcf7-form-control wpcf7-tel wpcf7-text wpcf7-validates-as-tel\" aria-invalid=\"false\" value=\"\" type=\"tel\" name=\"tel-305\" \/><\/span> <\/label>\n<\/p>\n<p>Pas de formations pr\u00e9vues pour le moment.\n<\/p>\n<p><span class=\"wpcf7-form-control-wrap\" data-name=\"acceptance-gdpr\"><span class=\"wpcf7-form-control wpcf7-acceptance\"><span class=\"wpcf7-list-item\"><label><input type=\"checkbox\" name=\"acceptance-gdpr\" value=\"1\" aria-invalid=\"false\" \/><span class=\"wpcf7-list-item-label\">J'accepte la <a href=\"https:\/\/preventionsida.org\/fr\/conditions-generales-utilisation\/\" target=\"_blank\">politique de confidentialit\u00e9<\/a> de l'asbl Plate-Forme Pr\u00e9vention Sida.*<\/span><\/label><\/span><\/span><\/span>\n<\/p>\n<p><span class=\"wpcf7-form-control-wrap\" data-name=\"acceptance-666\"><span class=\"wpcf7-form-control wpcf7-acceptance\"><span class=\"wpcf7-list-item\"><label><input type=\"checkbox\" name=\"acceptance-666\" value=\"1\" aria-invalid=\"false\" \/><span class=\"wpcf7-list-item-label\">Je ne suis pas un robot<\/span><\/label><\/span><\/span><\/span><br \/>\n<span id=\"wpcf7-69f26f272acb0-wrapper\" class=\"wpcf7-form-control-wrap custom-website-wrap\" style=\"display:none !important; visibility:hidden !important;\"><label for=\"wpcf7-69f26f272acb0-field\" class=\"hp-message\">Veuillez laisser ce champ vide.<\/label><input id=\"wpcf7-69f26f272acb0-field\"  class=\"wpcf7-form-control wpcf7-text\" type=\"text\" name=\"custom-website\" value=\"\" size=\"40\" tabindex=\"-1\" autocomplete=\"new-password\" \/><\/span>\n<\/p>\n<p><input class=\"wpcf7-form-control wpcf7-submit has-spinner\" type=\"submit\" value=\"Envoyer\" \/>\n<\/p><div class=\"wpcf7-response-output\" aria-hidden=\"true\"><\/div>\n<\/form>\n<\/div>\n\n","background_color":false},{"acf_fc_layout":"textfull","text":"<p><strong>Pour toute demande d&rsquo;informations, veuillez contacter Tr\u00e9sors Kouadio de la Plateforme Pr\u00e9vention Sida au 02 733 72 99<\/strong><\/p>\n","background_color":true}]},"_links":{"self":[{"href":"https:\/\/preventionsida.org\/fr\/wp-json\/wp\/v2\/posts\/6814","targetHints":{"allow":["GET"]}}],"collection":[{"href":"https:\/\/preventionsida.org\/fr\/wp-json\/wp\/v2\/posts"}],"about":[{"href":"https:\/\/preventionsida.org\/fr\/wp-json\/wp\/v2\/types\/post"}],"author":[{"embeddable":true,"href":"https:\/\/preventionsida.org\/fr\/wp-json\/wp\/v2\/users\/2"}],"replies":[{"embeddable":true,"href":"https:\/\/preventionsida.org\/fr\/wp-json\/wp\/v2\/comments?post=6814"}],"version-history":[{"count":52,"href":"https:\/\/preventionsida.org\/fr\/wp-json\/wp\/v2\/posts\/6814\/revisions"}],"predecessor-version":[{"id":16438,"href":"https:\/\/preventionsida.org\/fr\/wp-json\/wp\/v2\/posts\/6814\/revisions\/16438"}],"wp:featuredmedia":[{"embeddable":true,"href":"https:\/\/preventionsida.org\/fr\/wp-json\/wp\/v2\/media\/11259"}],"wp:attachment":[{"href":"https:\/\/preventionsida.org\/fr\/wp-json\/wp\/v2\/media?parent=6814"}],"wp:term":[{"taxonomy":"category","embeddable":true,"href":"https:\/\/preventionsida.org\/fr\/wp-json\/wp\/v2\/categories?post=6814"},{"taxonomy":"post_tag","embeddable":true,"href":"https:\/\/preventionsida.org\/fr\/wp-json\/wp\/v2\/tags?post=6814"}],"curies":[{"name":"wp","href":"https:\/\/api.w.org\/{rel}","templated":true}]}}