{"id":6270,"date":"2020-07-09T11:16:08","date_gmt":"2020-07-09T09:16:08","guid":{"rendered":"https:\/\/preventionsida.org\/?p=6270"},"modified":"2020-10-20T11:39:52","modified_gmt":"2020-10-20T09:39:52","slug":"vivre-avec-le-vih-nouvelle-edition-2020","status":"publish","type":"post","link":"https:\/\/preventionsida.org\/fr\/vivre-avec-le-vih-nouvelle-edition-2020\/","title":{"rendered":"Vivre avec le VIH \u2013 Nouvelle \u00e9dition 2020"},"content":{"rendered":"","protected":false},"excerpt":{"rendered":"","protected":false},"author":4,"featured_media":6330,"comment_status":"closed","ping_status":"closed","sticky":false,"template":"","format":"standard","meta":{"_acf_changed":false,"footnotes":""},"categories":[15],"tags":[],"class_list":["post-6270","post","type-post","status-publish","format-standard","has-post-thumbnail","hentry","category-news"],"acf":{"sidebar":false,"contenu_flexible":[{"acf_fc_layout":"textimage","text":"<p><span data-contrast=\"none\">Vous avez appris, il y a peu de temps ou peut-\u00eatre plus, que vous \u00e9tiez\u00a0<\/span><span data-contrast=\"none\">s\u00e9ropositif\u00b7ve<\/span><span data-contrast=\"none\">.\u00a0<\/span><span data-ccp-props=\"{&quot;201341983&quot;:0,&quot;335551550&quot;:6,&quot;335551620&quot;:6,&quot;335559739&quot;:160,&quot;335559740&quot;:259}\">\u00a0<\/span><\/p>\n<p><span data-contrast=\"none\">Peut-\u00eatre vous attendiez-vous un peu \u00e0 ce r\u00e9sultat, peut-\u00eatre pas du tout. Vous avez\u00a0<\/span><span data-contrast=\"none\">peut-\u00eatre<\/span><span data-contrast=\"none\">\u00a0ressenti un choc \u00e0 cette annonce, et une foule de questions vous sont venues.<\/span><span data-ccp-props=\"{&quot;201341983&quot;:0,&quot;335551550&quot;:6,&quot;335551620&quot;:6,&quot;335559739&quot;:160,&quot;335559740&quot;:259}\">\u00a0<\/span><\/p>\n<p><span data-contrast=\"none\">Cette brochure a pour but de r\u00e9pondre \u00e0 certaines d\u2019entre elles, et en abordant diff\u00e9rents aspects<\/span><span data-contrast=\"none\">\u00a0de la vie quotidienne avec le VIH<\/span><span data-contrast=\"none\">, de vous aider petit \u00e0 petit \u00e0 apprivoiser votre nouvelle situation.<\/span><span data-ccp-props=\"{&quot;201341983&quot;:0,&quot;335551550&quot;:6,&quot;335551620&quot;:6,&quot;335559739&quot;:160,&quot;335559740&quot;:259}\">\u00a0<\/span><\/p>\n<p><span data-contrast=\"none\">Les\u00a0<\/span><b><span data-contrast=\"none\">avanc\u00e9es m\u00e9dicales<\/span><\/b><span data-contrast=\"none\">\u00a0ont \u00e9t\u00e9 extr\u00eamement importantes ces derni\u00e8res ann\u00e9es, tant au niveau des traitements qu\u2019au niveau des\u00a0<\/span><b><span data-contrast=\"none\">strat\u00e9gies de pr\u00e9vention<\/span><\/b><span data-contrast=\"none\">. Avec des cons\u00e9quences concr\u00e8tes. Les personnes vivant avec le VIH sont aujourd\u2019hui consid\u00e9r\u00e9es comme des patients atteints d\u2019une maladie chronique, avec laquelle\u00a0<\/span><b><span data-contrast=\"none\">on peut vivre de tr\u00e8s nombreuses ann\u00e9es<\/span><\/b><span data-contrast=\"none\">, pour autant que l\u2019on pren<\/span><span data-contrast=\"none\">ne\u00a0<\/span><b><span data-contrast=\"none\">correctement son traitement<\/span><\/b><span data-contrast=\"none\">.\u00a0 Leur esp\u00e9rance de vie se rapproche beaucoup d\u2019une personne s\u00e9ron\u00e9gative, ce qui entra\u00eene automatiquement et heureusement un vieillissement des personnes vivant avec le VIH.\u00a0 Avec pour cons\u00e9quences d\u2019\u00eatre confront\u00e9s \u00e0 de nouvelles pathologies, que l\u2019on appelle des comorbidit\u00e9s, n\u00e9cessitant une prise en charge m\u00e9dicale adapt\u00e9e.<\/span><span data-ccp-props=\"{&quot;201341983&quot;:0,&quot;335551550&quot;:6,&quot;335551620&quot;:6,&quot;335559739&quot;:160,&quot;335559740&quot;:259}\">\u00a0<\/span><\/p>\n<p><span data-contrast=\"none\">Ensuite, m\u00eame si le pr\u00e9servatif reste essentiel, il existe aujourd\u2019hui un consensus scientifique mondial\u00a0<\/span><span data-contrast=\"auto\">pr\u00e9cisant\u00a0<\/span><span data-contrast=\"none\">qu\u2019<\/span><b><span data-contrast=\"none\">une personne vivant avec le VIH dont la charge virale est ind\u00e9tectable gr\u00e2ce \u00e0 son traitement ne transmet plus le virus<\/span><\/b><span data-contrast=\"none\">.<\/span><span data-contrast=\"none\">\u00a0 C\u2019est ce qu\u2019on appelle \u00ab\u202fInd\u00e9tectable = Intransmissible\u202f\u00bb.<\/span><span data-ccp-props=\"{&quot;201341983&quot;:0,&quot;335551550&quot;:6,&quot;335551620&quot;:6,&quot;335559739&quot;:160,&quot;335559740&quot;:259}\">\u00a0<\/span><\/p>\n<p><span data-contrast=\"none\">Il est donc essentiel d\u2019actualiser ses connaissances et de se tenir\u00a0<\/span><span data-contrast=\"none\">inform\u00e9<\/span><span data-contrast=\"none\">\u00b7e<\/span><span data-contrast=\"none\">\u00a0r\u00e9guli\u00e8rement.<\/span><span data-contrast=\"none\">\u00a0<\/span><span data-ccp-props=\"{&quot;201341983&quot;:0,&quot;335551550&quot;:6,&quot;335551620&quot;:6,&quot;335559739&quot;:160,&quot;335559740&quot;:259}\">\u00a0<\/span><\/p>\n<p><span data-contrast=\"none\">C\u2019est pourquoi nous avons \u00e9diter une nouvelle version de notre brochure\u00a0<\/span><i><span data-contrast=\"none\">Vivre avec le VIH<\/span><\/i><span data-contrast=\"none\">. Cette brochure\u00a0<\/span><b><span data-contrast=\"none\">r\u00e9pondra \u00e0 toutes les questions<\/span><\/b><span data-contrast=\"none\">\u00a0que vous vous posez sur la vie avec le VIH et\u00a0<\/span><span data-contrast=\"none\">peut aussi \u00eatre un outil pr\u00e9cieux pour vos proches et, au-del\u00e0, pour tous ceux qui souhaitent s\u2019informer sur les r\u00e9alit\u00e9s de l\u2019\u00e9pid\u00e9mie. Elle leur permettra peut-\u00eatre de mieux comprendre votre situation et les difficult\u00e9s que vous pouvez rencontrer au quotidien.<\/span><span data-ccp-props=\"{&quot;201341983&quot;:0,&quot;335551550&quot;:6,&quot;335551620&quot;:6,&quot;335559739&quot;:160,&quot;335559740&quot;:259}\">\u00a0<\/span><\/p>\n<p><span data-contrast=\"none\">Cette brochure vous donnera \u00e9galement toutes les informations n\u00e9cessaires en cas de\u00a0<\/span><b><span data-contrast=\"none\">co-infection<\/span><\/b><b><span data-contrast=\"none\">\u00a0avec le virus de l\u2019h\u00e9patite C<\/span><\/b><span data-contrast=\"none\">, une maladie qu\u2019il est important de d\u00e9pister de mani\u00e8re pr\u00e9coce car elle se soigne bien aujourd\u2019hui.\u00a0<\/span><span data-ccp-props=\"{&quot;201341983&quot;:0,&quot;335551550&quot;:6,&quot;335551620&quot;:6,&quot;335559739&quot;:160,&quot;335559740&quot;:259}\">\u00a0<\/span><\/p>\n","image":6265,"background_color":false,"link_image":""},{"acf_fc_layout":"textfull","text":"<p>&nbsp;<\/p>\n<p><span data-contrast=\"none\">Le regard de la soci\u00e9t\u00e9 par rapport au VIH, malheureusement, n\u2019a pas encore beaucoup chang\u00e9.\u00a0\u00a0<\/span><span data-contrast=\"none\">Il est donc crucial aujourd\u2019hui<\/span><span data-contrast=\"none\">\u00a0de changer l\u2019image des personnes vivant avec le VIH en communiquant d\u2019avantage sur le concept \u00ab\u202fInd\u00e9tectable= Intransmissible\u202f\u00bb afin de\u00a0<\/span><b><span data-contrast=\"none\">lutter contre la stigmatisation et la discrimination<\/span><\/b><span data-contrast=\"none\">.\u00a0<\/span><span data-contrast=\"none\">Il existe\u00a0<\/span><span data-contrast=\"none\">d\u2019ailleurs\u00a0<\/span><span data-contrast=\"none\">une deuxi\u00e8me brochure intitul\u00e9e \u00ab\u202fFair<\/span><span data-contrast=\"none\">e valoir ses droits\u202f\u00bb (<\/span><span data-contrast=\"none\">\u00e9dition 2017) qui aborde les questions juridiques, les questions relatives au travai<\/span><span data-contrast=\"none\">l, au logement, aux assurances,<\/span><span data-contrast=\"none\">\u00a0\u2026\u00a0<\/span><span data-ccp-props=\"{&quot;201341983&quot;:0,&quot;335551550&quot;:6,&quot;335551620&quot;:6,&quot;335559739&quot;:160,&quot;335559740&quot;:259}\">\u00a0<\/span><\/p>\n<p><i><span data-contrast=\"none\">Vivre avec le VIH<\/span><\/i><span data-contrast=\"none\">\u00a0a vu le jour dans le contexte particulier de\u00a0<\/span><b><span data-contrast=\"none\">l\u2019\u00e9pid\u00e9mie de la Covid-19<\/span><\/b><span data-contrast=\"none\">. Durant cet<\/span><span data-contrast=\"none\">te p\u00e9riode o\u00f9 tout un chacun a d\u00fb prendre soin de sa sant\u00e9 et de celle des autres, nous avons constat\u00e9 un impact ind\u00e9niable sur la qualit\u00e9 de vie des personnes vivant avec le VIH les plus fragiles\u202f: renforcement de l\u2019isolement, acc\u00e8s difficile aux soins de sant\u00e9 et aux traitements, perte de rep\u00e8res, etc. Pour en savoir plus sur la Covid-19 et le VIH, rendez-vous sur <a href=\"https:\/\/preventionsida.org\/fr\/personnes-vivant-avec-le-vih-et-coronavirus-ce-quil-faut-savoir\/\">notre site internet<\/a>\u00a0<\/span><\/p>\n<p><span data-contrast=\"auto\">Vivre avec le VIH se divise en\u00a0<\/span><span data-contrast=\"auto\">cinq<\/span><span data-contrast=\"auto\">\u00a0chapitres<\/span><span data-contrast=\"auto\">\u00a0<\/span><span data-contrast=\"auto\">:<\/span><span data-ccp-props=\"{&quot;201341983&quot;:0,&quot;335559739&quot;:160,&quot;335559740&quot;:259}\">\u00a0<\/span><\/p>\n<ul>\n<li data-leveltext=\"\uf0b7\" data-font=\"Symbol\" data-listid=\"1\" aria-setsize=\"-1\" data-aria-posinset=\"1\" data-aria-level=\"1\"><b><span data-contrast=\"auto\">Mieux comprendre sa maladie<\/span><\/b><b><span data-contrast=\"auto\">\u00a0<\/span><\/b><span data-contrast=\"auto\">: Le VIH et le sida,\u00a0<\/span><span data-contrast=\"auto\">les modes de transmission,\u00a0<\/span><span data-contrast=\"auto\">se<\/span><span data-contrast=\"auto\">\u00a0prot\u00e9ger<\/span><span data-contrast=\"auto\">,<\/span><span data-contrast=\"auto\">\u00a0<\/span><span data-contrast=\"auto\">\u2026<\/span><span data-ccp-props=\"{&quot;201341983&quot;:0,&quot;335559739&quot;:160,&quot;335559740&quot;:259}\">\u00a0<\/span><\/li>\n<li data-leveltext=\"\uf0b7\" data-font=\"Symbol\" data-listid=\"1\" aria-setsize=\"-1\" data-aria-posinset=\"2\" data-aria-level=\"1\"><b><span data-contrast=\"auto\">Vous soigne<\/span><\/b><strong>r<\/strong><span data-contrast=\"auto\">\u00a0<\/span><span data-contrast=\"auto\">:\u00a0<\/span><span data-contrast=\"auto\">votre parcours de soin<\/span><span data-contrast=\"auto\">, les\u00a0<\/span><span data-contrast=\"auto\">m\u00e9dicaments anti-VIH, les effets ind\u00e9sirables possibles,\u00a0<\/span><span data-contrast=\"auto\">\u2026<\/span><span data-ccp-props=\"{&quot;201341983&quot;:0,&quot;335559739&quot;:160,&quot;335559740&quot;:259}\">\u00a0<\/span><\/li>\n<li data-leveltext=\"\uf0b7\" data-font=\"Symbol\" data-listid=\"1\" aria-setsize=\"-1\" data-aria-posinset=\"3\" data-aria-level=\"1\"><b><span data-contrast=\"auto\">Les autres infections\u202f<\/span><\/b><span data-contrast=\"auto\">:<\/span><span data-contrast=\"auto\">\u00a0la syphilis, l\u2019HPV, les h\u00e9patites, \u2026<\/span><span data-ccp-props=\"{&quot;201341983&quot;:0,&quot;335559739&quot;:160,&quot;335559740&quot;:259}\">\u00a0<\/span><\/li>\n<\/ul>\n<ul>\n<li data-leveltext=\"\uf0b7\" data-font=\"Symbol\" data-listid=\"1\" aria-setsize=\"-1\" data-aria-posinset=\"1\" data-aria-level=\"1\"><b><span data-contrast=\"auto\">Vivre avec<\/span><\/b><b><span data-contrast=\"auto\">\u00a0<\/span><\/b><span data-contrast=\"auto\">: l\u2019annonce, le d\u00e9sir d\u2019enfant, prendre soin de sa sant\u00e9,<\/span><span data-contrast=\"auto\">\u00a0<\/span><span data-contrast=\"auto\">\u2026<\/span><span data-ccp-props=\"{&quot;201341983&quot;:0,&quot;335559739&quot;:160,&quot;335559740&quot;:259}\">\u00a0<\/span><\/li>\n<li data-leveltext=\"\uf0b7\" data-font=\"Symbol\" data-listid=\"1\" aria-setsize=\"-1\" data-aria-posinset=\"2\" data-aria-level=\"1\"><b><span data-contrast=\"auto\">Vieillir avec\u202f<\/span><\/b><span data-contrast=\"auto\">:\u00a0<\/span><span data-contrast=\"auto\">les comorbidit\u00e9s, la qualit\u00e9 de vie, la situation en maison de repos, \u2026<\/span><span data-ccp-props=\"{&quot;201341983&quot;:0,&quot;335559739&quot;:160,&quot;335559740&quot;:259}\">\u00a0<\/span><\/li>\n<\/ul>\n<p><a href=\"https:\/\/preventionsida.org\/wp-content\/uploads\/2020\/07\/Vivreavec_Brochure_web.pdf\"><span data-contrast=\"auto\">T\u00e9l\u00e9charger la\u00a0<\/span><span data-contrast=\"auto\">brochure Vivre avec le VIH (2020<\/span><span data-contrast=\"auto\">)<\/span><\/a><span data-contrast=\"auto\">\u00a0<\/span><\/p>\n<p><span data-contrast=\"auto\">Pour la commander, <a href=\"https:\/\/preventionsida.org\/fr\/ressources\/brochure-vivre-avec-le-vih\/\">rendez-vous dans l\u2019espace pro<\/a>\u202f!\u00a0<\/span><\/p>\n<p><span data-contrast=\"auto\">La Plateforme Pr\u00e9vention Sida propose \u00e9galement des\u00a0<\/span><b><span data-contrast=\"auto\">activit\u00e9s pour les personnes vivant avec le VIH<\/span><\/b><span data-contrast=\"auto\"> \u00e0 d\u00e9couvrir dans <a href=\"https:\/\/preventionsida.org\/fr\/ressources\/activites-pour-les-personnes-vivant-avec-le-vih\/\">l\u2019espace Vivre avec le VIH<\/a><\/span><span data-contrast=\"auto\">. Une\u00a0<\/span><b><span data-contrast=\"auto\">nouvelle affiche<\/span><\/b><span data-contrast=\"auto\"> a \u00e9t\u00e9 con\u00e7ue afin de promouvoir ces activit\u00e9s dans les diff\u00e9rents milieux fr\u00e9quent\u00e9s par les personnes vivant avec le VIH. Vous pouvez la <a href=\"https:\/\/preventionsida.org\/wp-content\/uploads\/2020\/07\/activit%C3%A9s-pvvih-2020.pdf\">t\u00e9l\u00e9charger ici<\/a> <\/span><span data-contrast=\"auto\">ou\u00a0<\/span><span data-contrast=\"auto\">la<\/span><span data-contrast=\"auto\"><a href=\"https:\/\/preventionsida.org\/fr\/ressources\/affiche-activites-pour-les-personnes-vivant-avec-le-vih\/\"> commander dans l\u2019espace pro<\/a>.<\/span><span data-ccp-props=\"{&quot;201341983&quot;:0,&quot;335559739&quot;:160,&quot;335559740&quot;:259}\">\u00a0<\/span><\/p>\n","background_color":false}]},"_links":{"self":[{"href":"https:\/\/preventionsida.org\/fr\/wp-json\/wp\/v2\/posts\/6270","targetHints":{"allow":["GET"]}}],"collection":[{"href":"https:\/\/preventionsida.org\/fr\/wp-json\/wp\/v2\/posts"}],"about":[{"href":"https:\/\/preventionsida.org\/fr\/wp-json\/wp\/v2\/types\/post"}],"author":[{"embeddable":true,"href":"https:\/\/preventionsida.org\/fr\/wp-json\/wp\/v2\/users\/4"}],"replies":[{"embeddable":true,"href":"https:\/\/preventionsida.org\/fr\/wp-json\/wp\/v2\/comments?post=6270"}],"version-history":[{"count":3,"href":"https:\/\/preventionsida.org\/fr\/wp-json\/wp\/v2\/posts\/6270\/revisions"}],"predecessor-version":[{"id":6292,"href":"https:\/\/preventionsida.org\/fr\/wp-json\/wp\/v2\/posts\/6270\/revisions\/6292"}],"wp:featuredmedia":[{"embeddable":true,"href":"https:\/\/preventionsida.org\/fr\/wp-json\/wp\/v2\/media\/6330"}],"wp:attachment":[{"href":"https:\/\/preventionsida.org\/fr\/wp-json\/wp\/v2\/media?parent=6270"}],"wp:term":[{"taxonomy":"category","embeddable":true,"href":"https:\/\/preventionsida.org\/fr\/wp-json\/wp\/v2\/categories?post=6270"},{"taxonomy":"post_tag","embeddable":true,"href":"https:\/\/preventionsida.org\/fr\/wp-json\/wp\/v2\/tags?post=6270"}],"curies":[{"name":"wp","href":"https:\/\/api.w.org\/{rel}","templated":true}]}}