{"id":2005,"date":"2019-09-25T14:26:59","date_gmt":"2019-09-25T12:26:59","guid":{"rendered":"https:\/\/preventionsida.org\/?p=2005"},"modified":"2019-11-13T12:18:19","modified_gmt":"2019-11-13T11:18:19","slug":"nouvelle-brochure-les-reseaux-sante-cest-quoi","status":"publish","type":"post","link":"https:\/\/preventionsida.org\/fr\/nouvelle-brochure-les-reseaux-sante-cest-quoi\/","title":{"rendered":"Nouvelle brochure \u201cLes R\u00e9seaux Sant\u00e9, c\u2019est quoi ?\u201d"},"content":{"rendered":"","protected":false},"excerpt":{"rendered":"<p>Depuis quelques ann\u00e9es, en Belgique, nous voyons d\u00e9ferler une vague de technologie sur le paysage de la sant\u00e9\u00a0: prescriptions \u00e9lectroniques, t\u00e9l\u00e9m\u00e9decine, appareils m\u00e9dicaux connect\u00e9s, etc\u2026<\/p>\n","protected":false},"author":1,"featured_media":2007,"comment_status":"closed","ping_status":"closed","sticky":false,"template":"","format":"standard","meta":{"_acf_changed":false,"footnotes":""},"categories":[15],"tags":[],"class_list":["post-2005","post","type-post","status-publish","format-standard","has-post-thumbnail","hentry","category-news"],"acf":{"sidebar":false,"contenu_flexible":[{"acf_fc_layout":"textfull","text":"<p>Depuis quelques ann\u00e9es, en Belgique, nous voyons d\u00e9ferler une vague de technologie sur le paysage de la sant\u00e9\u00a0: prescriptions \u00e9lectroniques, t\u00e9l\u00e9m\u00e9decine, appareils m\u00e9dicaux connect\u00e9s, etc\u2026<br \/>\n<strong>Ces nouvelles technologies au service de la sant\u00e9 jouent un r\u00f4le important dans le suivi des patient\u00b7es, particuli\u00e8rement pour les personnes atteintes d\u2019une maladie chronique comme les personnes vivant avec le VIH.\u00a0<\/strong><\/p>\n<p>La mise en place des R\u00e9seaux sant\u00e9s en est un bon exemple.\u00a0<strong>Gr\u00e2ce \u00e0 ces r\u00e9seaux, les diff\u00e9rent\u00b7es professionnel\u00b7les de la sant\u00e9 qui suivent les patient\u00b7es peuvent se partager les documents de sant\u00e9 n\u00e9cessaires \u00e0 une bonne prise en charge<\/strong>.<\/p>\n<p>Mais pour les patient\u00b7es, de nombreuses questions se posent alors\u00a0:<\/p>\n<ul>\n<li>Quels avantages ont les patient\u00b7es \u00e0 faire partie du r\u00e9seau\u00a0?<\/li>\n<li>Comment fonctionnent les r\u00e9seaux\u00a0?<\/li>\n<li>Qui a acc\u00e8s aux documents de sant\u00e9\u00a0? Cet acc\u00e8s peut-il \u00eatre contr\u00f4l\u00e9\u00a0?<\/li>\n<li>Jusqu\u2019\u00e0 quel point les donn\u00e9es sont-elles prot\u00e9g\u00e9es\u00a0? Quid de la confidentialit\u00e9\u00a0?<\/li>\n<li>Comment le r\u00e9seau de l\u2019h\u00f4pital est-il connect\u00e9 aux r\u00e9seaux r\u00e9gionaux ?<\/li>\n<li>Quelle place pour le\u00b7la m\u00e9decin g\u00e9n\u00e9raliste\u00a0? Et pour le\u00b7la pharmacien\u00b7ne de r\u00e9f\u00e9rence\u00a0?<\/li>\n<\/ul>\n<p>En septembre 2018, la Plateforme Pr\u00e9vention Sida a organis\u00e9 un caf\u00e9 sant\u00e9 sur cette th\u00e9matique en collaboration avec le Dr R\u00e9my Demeester du CHU de Charleroi et l\u2019asbl Sida-IST Charleroi-Mons. Gr\u00e2ce \u00e0 la pr\u00e9sentation faite par le Dr Philippe Jongen du R\u00e9seau Sant\u00e9 Wallon,\u00a0<strong>nous avons pu \u00e9diter une brochure sur les r\u00e9seaux sant\u00e9 r\u00e9pondant \u00e0 toutes ces questions et \u00e0 bien d\u2019autres<\/strong>.<\/p>\n","background_color":false}]},"_links":{"self":[{"href":"https:\/\/preventionsida.org\/fr\/wp-json\/wp\/v2\/posts\/2005","targetHints":{"allow":["GET"]}}],"collection":[{"href":"https:\/\/preventionsida.org\/fr\/wp-json\/wp\/v2\/posts"}],"about":[{"href":"https:\/\/preventionsida.org\/fr\/wp-json\/wp\/v2\/types\/post"}],"author":[{"embeddable":true,"href":"https:\/\/preventionsida.org\/fr\/wp-json\/wp\/v2\/users\/1"}],"replies":[{"embeddable":true,"href":"https:\/\/preventionsida.org\/fr\/wp-json\/wp\/v2\/comments?post=2005"}],"version-history":[{"count":8,"href":"https:\/\/preventionsida.org\/fr\/wp-json\/wp\/v2\/posts\/2005\/revisions"}],"predecessor-version":[{"id":4732,"href":"https:\/\/preventionsida.org\/fr\/wp-json\/wp\/v2\/posts\/2005\/revisions\/4732"}],"wp:featuredmedia":[{"embeddable":true,"href":"https:\/\/preventionsida.org\/fr\/wp-json\/wp\/v2\/media\/2007"}],"wp:attachment":[{"href":"https:\/\/preventionsida.org\/fr\/wp-json\/wp\/v2\/media?parent=2005"}],"wp:term":[{"taxonomy":"category","embeddable":true,"href":"https:\/\/preventionsida.org\/fr\/wp-json\/wp\/v2\/categories?post=2005"},{"taxonomy":"post_tag","embeddable":true,"href":"https:\/\/preventionsida.org\/fr\/wp-json\/wp\/v2\/tags?post=2005"}],"curies":[{"name":"wp","href":"https:\/\/api.w.org\/{rel}","templated":true}]}}