{"id":12949,"date":"2023-09-19T13:43:13","date_gmt":"2023-09-19T11:43:13","guid":{"rendered":"https:\/\/preventionsida.org\/?p=12949"},"modified":"2023-09-19T13:50:50","modified_gmt":"2023-09-19T11:50:50","slug":"la-lutte-contre-les-ist-passe-par-la-generalisation-de-levras","status":"publish","type":"post","link":"https:\/\/preventionsida.org\/fr\/la-lutte-contre-les-ist-passe-par-la-generalisation-de-levras\/","title":{"rendered":"La g\u00e9n\u00e9ralisation de l\u2019EVRAS : un moyen de lutter contre les IST"},"content":{"rendered":"","protected":false},"excerpt":{"rendered":"","protected":false},"author":2,"featured_media":12950,"comment_status":"closed","ping_status":"closed","sticky":false,"template":"","format":"standard","meta":{"_acf_changed":false,"footnotes":""},"categories":[15],"tags":[],"class_list":["post-12949","post","type-post","status-publish","format-standard","has-post-thumbnail","hentry","category-news"],"acf":{"sidebar":false,"contenu_flexible":[{"acf_fc_layout":"textfull","text":"<h5>Pour la Plateforme Pr\u00e9vention Sida, l\u2019Education \u00e0 la Vie Relationnelle, Affective et Sexuelle (EVRAS), que ce soit dans le milieu scolaire ou extrascolaire, est essentielle pour le bien-\u00eatre de des enfants et des jeunes.<\/h5>\n<p>Depuis plus de vingt ans, nous assistons \u00e0 une <strong>augmentation importante des cas de transmission des Infections Sexuellement Transmissibles<\/strong> (IST), notamment chez les jeunes.\u00a0 Les informations sur les modes de transmission restent souvent trop peu connues.\u00a0 Nous constatons \u00e9galement que <strong>les jeunes utilisent insuffisamment le pr\u00e9servatif<\/strong> et qu\u2019ils ne connaissent pas assez les diff\u00e9rents les moyens de pr\u00e9vention.\u00a0 Nos animateurs.trices le constatent au quotidien sur le terrain.\u00a0 De plus, <strong>la communication au sujet de la vie relationnelle, affective et sexuelle avec les adultes reste insuffisante<\/strong> et les informations que les jeunes peuvent recevoir au sujet de la sexualit\u00e9 et des IST par les m\u00e9dias et les r\u00e9seaux sociaux ne sont pas toujours de bonne qualit\u00e9.<\/p>\n<p>M\u00eame si, depuis toujours, les acteurs.trices de la lutte contre le sida et les IST vont au contact des jeunes, dans le r\u00e9seau scolaire, extrascolaire, en milieux festifs afin de les sensibiliser, nos initiatives restaient malheureusement insuffisantes car nous n\u2019avions pas d\u2019acc\u00e8s \u00e0 tous les jeunes et notamment les plus vuln\u00e9rables. \u00a0<strong>Nous demandons depuis longtemps la g\u00e9n\u00e9ralisation de l\u2019EVRAS<\/strong> afin de permettre \u00e0 chaque jeune de pouvoir avoir acc\u00e9der \u00e0 des informations adapt\u00e9es et actualis\u00e9es en mati\u00e8re de pr\u00e9vention des IST et favoriser ainsi leur pleine capacit\u00e9 \u00e0 adopter les gestes qui permettent de se prot\u00e9ger et de prot\u00e9ger leur.s partenaire.s.\u00a0 De plus, il est illusoire de penser que se concentrer uniquement sur la question de la pr\u00e9vention des IST permettra aux jeunes d\u2019adopter les comportements de pr\u00e9vention ad\u00e9quats.\u00a0 Pour permettre une pr\u00e9vention de qualit\u00e9, il est fondamental que les animateurs.trices abordent \u00e9galement, en partant des questions que les jeunes se posent, \u00a0<strong>les questions de respect, de genres, d\u2019identit\u00e9, de consentement, de choix \u00e9clair\u00e9, de l\u2019importance de prendre soin de soi, de son corps, de sa sant\u00e9 et de celles de autres, de violences sexuelles<\/strong> \u2026<\/p>\n<h5>Dans ces moments de diabolisation de l\u2019EVRAS, notamment sur base de fake news et de sa r\u00e9duction au seul th\u00e8me de la sexualit\u00e9, la Plateforme Pr\u00e9vention Sida tient \u00e0 rappeler son total soutien \u00e0 la g\u00e9n\u00e9ralisation de l\u2019EVRAS et d\u00e9fendra cette position tant que n\u00e9cessaire.<\/h5>\n<p><strong>Thierry Martin<\/strong><br \/>\n<strong>Directeur Plateforme Pr\u00e9vention Sida<\/strong><\/p>\n","background_color":false}]},"_links":{"self":[{"href":"https:\/\/preventionsida.org\/fr\/wp-json\/wp\/v2\/posts\/12949","targetHints":{"allow":["GET"]}}],"collection":[{"href":"https:\/\/preventionsida.org\/fr\/wp-json\/wp\/v2\/posts"}],"about":[{"href":"https:\/\/preventionsida.org\/fr\/wp-json\/wp\/v2\/types\/post"}],"author":[{"embeddable":true,"href":"https:\/\/preventionsida.org\/fr\/wp-json\/wp\/v2\/users\/2"}],"replies":[{"embeddable":true,"href":"https:\/\/preventionsida.org\/fr\/wp-json\/wp\/v2\/comments?post=12949"}],"version-history":[{"count":5,"href":"https:\/\/preventionsida.org\/fr\/wp-json\/wp\/v2\/posts\/12949\/revisions"}],"predecessor-version":[{"id":12956,"href":"https:\/\/preventionsida.org\/fr\/wp-json\/wp\/v2\/posts\/12949\/revisions\/12956"}],"wp:featuredmedia":[{"embeddable":true,"href":"https:\/\/preventionsida.org\/fr\/wp-json\/wp\/v2\/media\/12950"}],"wp:attachment":[{"href":"https:\/\/preventionsida.org\/fr\/wp-json\/wp\/v2\/media?parent=12949"}],"wp:term":[{"taxonomy":"category","embeddable":true,"href":"https:\/\/preventionsida.org\/fr\/wp-json\/wp\/v2\/categories?post=12949"},{"taxonomy":"post_tag","embeddable":true,"href":"https:\/\/preventionsida.org\/fr\/wp-json\/wp\/v2\/tags?post=12949"}],"curies":[{"name":"wp","href":"https:\/\/api.w.org\/{rel}","templated":true}]}}