{"id":10849,"date":"2022-11-14T14:06:31","date_gmt":"2022-11-14T13:06:31","guid":{"rendered":"https:\/\/preventionsida.org\/?p=10849"},"modified":"2022-11-15T12:23:23","modified_gmt":"2022-11-15T11:23:23","slug":"evenements-journee-mondiale-de-lutte-contre-le-sida-2022","status":"publish","type":"post","link":"https:\/\/preventionsida.org\/fr\/evenements-journee-mondiale-de-lutte-contre-le-sida-2022\/","title":{"rendered":"Le Bus de la Solidarit\u00e9 d\u00e9barque pr\u00e8s de chez toi !"},"content":{"rendered":"","protected":false},"excerpt":{"rendered":"","protected":false},"author":2,"featured_media":11030,"comment_status":"closed","ping_status":"closed","sticky":false,"template":"","format":"standard","meta":{"_acf_changed":false,"footnotes":""},"categories":[15],"tags":[],"class_list":["post-10849","post","type-post","status-publish","format-standard","has-post-thumbnail","hentry","category-news"],"acf":{"sidebar":false,"contenu_flexible":[{"acf_fc_layout":"textfull","text":"<h2 style=\"text-align: center;\">Embarque dans le bus de la solidarit\u00e9 et joins-toi \u00e0 la lutte contre les discriminations envers les personnes vivant avec le VIH !<\/h2>\n","background_color":false},{"acf_fc_layout":"imagetext","image":10955,"text":"<p>Lutter contre les discriminations envers les personnes vivant avec le VIH passe par le fait de t&rsquo;informer sur le VIH, pour bien conna\u00eetre et faire comprendre aux autres pourquoi cette discrimination ou stigmatisation n&rsquo;a pas lieu d&rsquo;\u00eatre. Et pour apprendre en t&rsquo;amusant, la Plateforme Pr\u00e9vention Sida, en collaboration avec <strong><a href=\"https:\/\/centre-s.be\/\"><em>Centre S<\/em><\/a><\/strong>, <strong><a href=\"https:\/\/www.sida-charleroimons.be\/\"><em>Sida-IST Charleroi Mons<\/em><\/a><\/strong> et le <strong><a href=\"https:\/\/www.clps-lux.be\/\"><em>CLPS de la province de Luxembourg<\/em><\/a><\/strong> t&rsquo;a concoct\u00e9 un panel d&rsquo;activit\u00e9s dans son \u00ab<span style=\"color: red;\"><strong>Bus de la Solidarit\u00e9<\/strong><\/span>\u00bb, un <em>double decker<\/em> \u00e0 l&rsquo;anglaise, pimp\u00e9 rien que pour vous !<\/p>\n","background_color":true,"link_image":""},{"acf_fc_layout":"textfull","text":"<h3 align=\"center\"><img decoding=\"async\" class=\"aligncenter\" src=\"https:\/\/preventionsida.org\/wp-content\/uploads\/2022\/11\/cadeau-e1667552527855.png\" alt=\"\" width=\"50px\" height=\"50px\" \/><br \/>\nEn plus, tu recevras un tas de goodies et tu auras une chance de gagner un Bongo \u00c9vasion (un\u00b7e gagnant\u00b7e par ville !)<\/h3>\n","background_color":false},{"acf_fc_layout":"textfull","text":"<p style=\"text-align: center;\"><strong>Psssst !<\/strong> On nous souffle dans l&rsquo;oreillette que dans chaque ville, un\u00b7e influenceur\u00b7euse local\u00b7e viendra nous rendre visite. <strong>\u00c0 suivre sur nos r\u00e9seaux sociaux&#8230;<\/strong><\/p>\n<p>&nbsp;<\/p>\n<div align=\"center\"><a href=\"https:\/\/www.facebook.com\/preventionsida\/\"><img loading=\"lazy\" decoding=\"async\" class=\"alignnone wp-image-10987 size-thumbnail\" src=\"https:\/\/preventionsida.org\/wp-content\/uploads\/2022\/11\/f_logo_RGB-Blue_72-150x150.png\" alt=\"\" width=\"150\" height=\"150\" srcset=\"https:\/\/preventionsida.org\/wp-content\/uploads\/2022\/11\/f_logo_RGB-Blue_72-150x150.png 150w, https:\/\/preventionsida.org\/wp-content\/uploads\/2022\/11\/f_logo_RGB-Blue_72.png 159w\" sizes=\"auto, (max-width: 150px) 100vw, 150px\" \/><\/a><a href=\"https:\/\/www.instagram.com\/prevention_sida\"><img loading=\"lazy\" decoding=\"async\" class=\"alignnone wp-image-10989 size-thumbnail\" src=\"https:\/\/preventionsida.org\/wp-content\/uploads\/2022\/11\/Instagram-150x150.png\" alt=\"\" width=\"150\" height=\"150\" srcset=\"https:\/\/preventionsida.org\/wp-content\/uploads\/2022\/11\/Instagram-150x150.png 150w, https:\/\/preventionsida.org\/wp-content\/uploads\/2022\/11\/Instagram-300x300.png 300w, https:\/\/preventionsida.org\/wp-content\/uploads\/2022\/11\/Instagram-768x768.png 768w, https:\/\/preventionsida.org\/wp-content\/uploads\/2022\/11\/Instagram-500x500.png 500w, https:\/\/preventionsida.org\/wp-content\/uploads\/2022\/11\/Instagram.png 1000w\" sizes=\"auto, (max-width: 150px) 100vw, 150px\" \/><\/a><a href=\"https:\/\/www.tiktok.com\/@love_safe_sex\"><img loading=\"lazy\" decoding=\"async\" class=\"alignnone wp-image-10991 size-thumbnail\" src=\"https:\/\/preventionsida.org\/wp-content\/uploads\/2022\/11\/TikTok-logo-CMYK-Stacked-black-150x150.png\" alt=\"\" width=\"150\" height=\"150\" srcset=\"https:\/\/preventionsida.org\/wp-content\/uploads\/2022\/11\/TikTok-logo-CMYK-Stacked-black-150x150.png 150w, https:\/\/preventionsida.org\/wp-content\/uploads\/2022\/11\/TikTok-logo-CMYK-Stacked-black-300x300.png 300w, https:\/\/preventionsida.org\/wp-content\/uploads\/2022\/11\/TikTok-logo-CMYK-Stacked-black-1024x1024.png 1024w, https:\/\/preventionsida.org\/wp-content\/uploads\/2022\/11\/TikTok-logo-CMYK-Stacked-black-768x768.png 768w, https:\/\/preventionsida.org\/wp-content\/uploads\/2022\/11\/TikTok-logo-CMYK-Stacked-black-1536x1536.png 1536w, https:\/\/preventionsida.org\/wp-content\/uploads\/2022\/11\/TikTok-logo-CMYK-Stacked-black-2048x2048.png 2048w, https:\/\/preventionsida.org\/wp-content\/uploads\/2022\/11\/TikTok-logo-CMYK-Stacked-black-500x500.png 500w\" sizes=\"auto, (max-width: 150px) 100vw, 150px\" \/><\/a><\/div>\n<p>&nbsp;<\/p>\n","background_color":false},{"acf_fc_layout":"text2cols","background_color":false,"title":"Concr\u00e8tement, le Bus de la Solidarit\u00e9, c'est quoi?","col_left":"<p><strong>C&rsquo;est un bus itin\u00e9rant qui passera \u00e0 Li\u00e8ge, Charleroi, Marche-en-Famenne et Bruxelles !<\/strong><\/p>\n<p>L&rsquo;id\u00e9e ? Aller \u00e0 ta rencontre, en Wallonie et \u00e0 Bruxelles, pour pouvoir \u00e9changer avec toi et t&rsquo;aider \u00e0 remplir ton \u00ab\u00a0passeport de la solidarit\u00e9\u00a0\u00bb en 5 \u00e9tapes.<\/p>\n","col_right":"<p><strong>\u00c0 chaque \u00e9tape du parcours dans le bus, tu d\u00e9couvriras une activit\u00e9 ludique pour mieux comprendre le VIH:<\/strong><\/p>\n<ul>\n<li>Pose un pr\u00e9servatif dans la blackbox<\/li>\n<li>Traverse le labyrinthe fluo des modes de transmission<\/li>\n<li>Tire sur les VIH pour les mettre K.O.<\/li>\n<li>&#8230;<\/li>\n<\/ul>\n"},{"acf_fc_layout":"textfull","text":"<p style=\"text-align: center;\"><strong>Tout \u00e7a, pour pouvoir mieux lutter contre les discriminations v\u00e9cues par les personnes vivant avec le VIH. Une activit\u00e9 compl\u00e9t\u00e9e = un tampon collect\u00e9 !<\/strong><\/p>\n","background_color":false},{"acf_fc_layout":"textfull","text":"<h2>En pratique&#8230;<\/h2>\n<p style=\"text-align: center;\">Le Bus de la Solidarit\u00e9 partira pour Li\u00e8ge le samedi 26\/11, fera \u00e9tape \u00e0 Charleroi le lundi 28\/11 avant de poursuivre sa route pour Marche-en-Famenne le mercredi 30\/11 et de terminer son voyage \u00e0 Bruxelles, le jeudi 1er d\u00e9cembre. Pour que tu aies le temps de passer nous voir, on restera en ville toute la journ\u00e9e.<\/p>\n<p>&nbsp;<\/p>\n<p><img loading=\"lazy\" decoding=\"async\" class=\"wp-image-11003 size-large aligncenter\" src=\"https:\/\/preventionsida.org\/wp-content\/uploads\/2022\/11\/Visu-escales-Bus-SITE-1080-\u00d7-1440-px-768x1024.jpg\" alt=\"\" width=\"640\" height=\"853\" srcset=\"https:\/\/preventionsida.org\/wp-content\/uploads\/2022\/11\/Visu-escales-Bus-SITE-1080-\u00d7-1440-px-768x1024.jpg 768w, https:\/\/preventionsida.org\/wp-content\/uploads\/2022\/11\/Visu-escales-Bus-SITE-1080-\u00d7-1440-px-225x300.jpg 225w, https:\/\/preventionsida.org\/wp-content\/uploads\/2022\/11\/Visu-escales-Bus-SITE-1080-\u00d7-1440-px-375x500.jpg 375w, https:\/\/preventionsida.org\/wp-content\/uploads\/2022\/11\/Visu-escales-Bus-SITE-1080-\u00d7-1440-px.jpg 1080w\" sizes=\"auto, (max-width: 640px) 100vw, 640px\" \/><\/p>\n","background_color":false}]},"_links":{"self":[{"href":"https:\/\/preventionsida.org\/fr\/wp-json\/wp\/v2\/posts\/10849","targetHints":{"allow":["GET"]}}],"collection":[{"href":"https:\/\/preventionsida.org\/fr\/wp-json\/wp\/v2\/posts"}],"about":[{"href":"https:\/\/preventionsida.org\/fr\/wp-json\/wp\/v2\/types\/post"}],"author":[{"embeddable":true,"href":"https:\/\/preventionsida.org\/fr\/wp-json\/wp\/v2\/users\/2"}],"replies":[{"embeddable":true,"href":"https:\/\/preventionsida.org\/fr\/wp-json\/wp\/v2\/comments?post=10849"}],"version-history":[{"count":42,"href":"https:\/\/preventionsida.org\/fr\/wp-json\/wp\/v2\/posts\/10849\/revisions"}],"predecessor-version":[{"id":11042,"href":"https:\/\/preventionsida.org\/fr\/wp-json\/wp\/v2\/posts\/10849\/revisions\/11042"}],"wp:featuredmedia":[{"embeddable":true,"href":"https:\/\/preventionsida.org\/fr\/wp-json\/wp\/v2\/media\/11030"}],"wp:attachment":[{"href":"https:\/\/preventionsida.org\/fr\/wp-json\/wp\/v2\/media?parent=10849"}],"wp:term":[{"taxonomy":"category","embeddable":true,"href":"https:\/\/preventionsida.org\/fr\/wp-json\/wp\/v2\/categories?post=10849"},{"taxonomy":"post_tag","embeddable":true,"href":"https:\/\/preventionsida.org\/fr\/wp-json\/wp\/v2\/tags?post=10849"}],"curies":[{"name":"wp","href":"https:\/\/api.w.org\/{rel}","templated":true}]}}