{"id":10202,"date":"2022-03-11T09:39:46","date_gmt":"2022-03-11T08:39:46","guid":{"rendered":"https:\/\/preventionsida.org\/?p=10202"},"modified":"2022-03-11T15:04:37","modified_gmt":"2022-03-11T14:04:37","slug":"le-site-internet-de-la-proposition-du-plan-vih-2020-2026-est-en-ligne","status":"publish","type":"post","link":"https:\/\/preventionsida.org\/fr\/le-site-internet-de-la-proposition-du-plan-vih-2020-2026-est-en-ligne\/","title":{"rendered":"Le site internet de la proposition du Plan VIH 2020-2026 est en ligne !"},"content":{"rendered":"","protected":false},"excerpt":{"rendered":"","protected":false},"author":2,"featured_media":10205,"comment_status":"closed","ping_status":"closed","sticky":false,"template":"","format":"standard","meta":{"_acf_changed":false,"footnotes":""},"categories":[15],"tags":[],"class_list":["post-10202","post","type-post","status-publish","format-standard","has-post-thumbnail","hentry","category-news"],"acf":{"sidebar":false,"contenu_flexible":[{"acf_fc_layout":"textfull","text":"<h2><span class=\"TextRun SCXW180487373 BCX0\" lang=\"FR-FR\" xml:lang=\"FR-FR\" data-contrast=\"auto\"><span class=\"NormalTextRun SCXW180487373 BCX0\">UN SITE POUR LA PROPOSITION DU PLAN VIH 2020-2026<\/span><\/span><\/h2>\n<p><span class=\"TextRun SCXW22404059 BCX0\" lang=\"FR-FR\" xml:lang=\"FR-FR\" data-contrast=\"auto\"><span class=\"NormalTextRun SCXW22404059 BCX0\">Le Comit\u00e9 de Monitoring du Plan VIH a pris l\u2019initiative de r\u00e9diger une nouvelle proposition du plan VIH. C\u2019est donc tout naturellement qu\u2019un site internet \u00e0 ce sujet a \u00e9t\u00e9 cr\u00e9\u00e9 ! Il regroupe toutes les informations concernant ce dernier : Les diff\u00e9rents comit\u00e9s qui l\u2019ont \u00e9labor\u00e9, les piliers qui le constituent, etc&#8230;<\/span><\/span><span class=\"EOP SCXW22404059 BCX0\" data-ccp-props=\"{&quot;201341983&quot;:0,&quot;335559739&quot;:160,&quot;335559740&quot;:259}\">\u00a0<\/span><\/p>\n","background_color":false},{"acf_fc_layout":"doubleblock","content_block_left":"<p><img loading=\"lazy\" decoding=\"async\" class=\"aligncenter wp-image-10210 size-large\" src=\"https:\/\/preventionsida.org\/wp-content\/uploads\/2022\/03\/logo_planVIH_Plan-de-travail-1-copie-2-1024x281.jpg\" alt=\"\" width=\"640\" height=\"176\" srcset=\"https:\/\/preventionsida.org\/wp-content\/uploads\/2022\/03\/logo_planVIH_Plan-de-travail-1-copie-2-1024x281.jpg 1024w, https:\/\/preventionsida.org\/wp-content\/uploads\/2022\/03\/logo_planVIH_Plan-de-travail-1-copie-2-300x82.jpg 300w, https:\/\/preventionsida.org\/wp-content\/uploads\/2022\/03\/logo_planVIH_Plan-de-travail-1-copie-2-768x211.jpg 768w, https:\/\/preventionsida.org\/wp-content\/uploads\/2022\/03\/logo_planVIH_Plan-de-travail-1-copie-2-1536x422.jpg 1536w, https:\/\/preventionsida.org\/wp-content\/uploads\/2022\/03\/logo_planVIH_Plan-de-travail-1-copie-2-2048x562.jpg 2048w, https:\/\/preventionsida.org\/wp-content\/uploads\/2022\/03\/logo_planVIH_Plan-de-travail-1-copie-2-500x137.jpg 500w\" sizes=\"auto, (max-width: 640px) 100vw, 640px\" \/><\/p>\n","background_color_left":false,"content_block_right":"<h2><span class=\"TextRun SCXW161049361 BCX0\" lang=\"FR-FR\" xml:lang=\"FR-FR\" data-contrast=\"auto\"><span class=\"NormalTextRun SCXW161049361 BCX0\">QU\u2019EST-CE QUE LE PLAN VIH ?<\/span><\/span><span class=\"EOP SCXW161049361 BCX0\" data-ccp-props=\"{&quot;201341983&quot;:0,&quot;335559739&quot;:160,&quot;335559740&quot;:259}\">\u00a0<\/span><\/h2>\n<p><span class=\"TextRun SCXW198582170 BCX0\" lang=\"FR-FR\" xml:lang=\"FR-FR\" data-contrast=\"auto\"><span class=\"NormalTextRun SCXW198582170 BCX0\">La proposition du Plan national VIH 2020-2026 comprend des principes directeurs pour permettre une riposte au VIH de grande qualit\u00e9, \u00e9quitable et \u00e9clair\u00e9e par des donn\u00e9es probantes et \u00e9quitable. Le Plan national VIH repose sur la participation de tous les partenaires dans le domaine du VIH. L\u2019aspect le plus important r\u00e9side probablement dans la participation continue et significative des personnes vivant avec le VIH et dans l\u2019implication des organisations d\u00e9di\u00e9es aux populations cl\u00e9s. Cette participation est au c\u0153ur de l\u2019approche de partenariat et est essentielle au succ\u00e8s du Plan VIH.<\/span><\/span><span class=\"EOP SCXW198582170 BCX0\" data-ccp-props=\"{&quot;201341983&quot;:0,&quot;335559739&quot;:160,&quot;335559740&quot;:259}\">\u00a0<\/span><\/p>\n","background_color_right":false},{"acf_fc_layout":"doubleblock","content_block_left":"<h2><span class=\"TextRun SCXW103037288 BCX0\" lang=\"FR-FR\" xml:lang=\"FR-FR\" data-contrast=\"auto\"><span class=\"NormalTextRun SCXW103037288 BCX0\">PRINCIPES G\u00c9R\u00c9RAUX<\/span><\/span><span class=\"EOP SCXW103037288 BCX0\" data-ccp-props=\"{&quot;201341983&quot;:0,&quot;335559739&quot;:160,&quot;335559740&quot;:259}\">\u00a0<\/span><\/h2>\n<p><strong>Les principes g\u00e9n\u00e9raux du plan sont :\u00a0<\/strong><\/p>\n<ul>\n<li data-leveltext=\"\uf0b7\" data-font=\"Symbol\" data-listid=\"1\" aria-setsize=\"-1\" data-aria-posinset=\"1\" data-aria-level=\"1\"><span data-contrast=\"auto\">Respecter les droits de l\u2019homme et les droits en mati\u00e8re de sexualit\u00e9 et de procr\u00e9ation;<\/span><span data-ccp-props=\"{&quot;201341983&quot;:0,&quot;335559739&quot;:160,&quot;335559740&quot;:259}\">\u00a0<\/span><\/li>\n<li data-leveltext=\"\uf0b7\" data-font=\"Symbol\" data-listid=\"1\" aria-setsize=\"-1\" data-aria-posinset=\"2\" data-aria-level=\"1\"><span data-contrast=\"auto\">Inclure la pr\u00e9vention combin\u00e9e et la promotion de la sant\u00e9;<\/span><span data-ccp-props=\"{&quot;201341983&quot;:0,&quot;335559739&quot;:160,&quot;335559740&quot;:259}\">\u00a0<\/span><\/li>\n<li data-leveltext=\"\uf0b7\" data-font=\"Symbol\" data-listid=\"1\" aria-setsize=\"-1\" data-aria-posinset=\"3\" data-aria-level=\"1\"><span data-contrast=\"auto\">Accorder une attention particuli\u00e8re aux IST;<\/span><span data-ccp-props=\"{&quot;201341983&quot;:0,&quot;335559739&quot;:160,&quot;335559740&quot;:259}\">\u00a0<\/span><\/li>\n<\/ul>\n<ul>\n<li data-leveltext=\"\uf0b7\" data-font=\"Symbol\" data-listid=\"1\" aria-setsize=\"-1\" data-aria-posinset=\"1\" data-aria-level=\"1\"><span data-contrast=\"auto\">Assurer la participation des partenaires concern\u00e9s;<\/span><span data-ccp-props=\"{&quot;201341983&quot;:0,&quot;335559739&quot;:160,&quot;335559740&quot;:259}\">\u00a0<\/span><\/li>\n<li data-leveltext=\"\uf0b7\" data-font=\"Symbol\" data-listid=\"1\" aria-setsize=\"-1\" data-aria-posinset=\"2\" data-aria-level=\"1\"><span data-contrast=\"auto\">Assurer l\u2019implication significative des personnes vivant avec le VIH (PVVIH);<\/span><span data-ccp-props=\"{&quot;201341983&quot;:0,&quot;335559739&quot;:160,&quot;335559740&quot;:259}\">\u00a0<\/span><\/li>\n<li data-leveltext=\"\uf0b7\" data-font=\"Symbol\" data-listid=\"1\" aria-setsize=\"-1\" data-aria-posinset=\"3\" data-aria-level=\"1\"><span data-contrast=\"auto\">Assurer la participation et l\u2019autonomisation des populations cl\u00e9s;<\/span><span data-ccp-props=\"{&quot;201341983&quot;:0,&quot;335559739&quot;:160,&quot;335559740&quot;:259}\">\u00a0<\/span><\/li>\n<li data-leveltext=\"\uf0b7\" data-font=\"Symbol\" data-listid=\"1\" aria-setsize=\"-1\" data-aria-posinset=\"4\" data-aria-level=\"1\"><span data-contrast=\"auto\">Adopter des principes directeurs tels que des services interdisciplinaires de qualit\u00e9 en mati\u00e8re de pr\u00e9vention, traitement et prise en charge, et un acc\u00e8s \u00e9quitable \u00e0 tous les services;<\/span><span data-ccp-props=\"{&quot;201341983&quot;:0,&quot;335559739&quot;:160,&quot;335559740&quot;:259}\">\u00a0<\/span><\/li>\n<li data-leveltext=\"\uf0b7\" data-font=\"Symbol\" data-listid=\"1\" aria-setsize=\"-1\" data-aria-posinset=\"5\" data-aria-level=\"1\"><span data-contrast=\"auto\">R\u00e9aliser des activit\u00e9s de recherche et de surveillance afin d\u2019\u00e9laborer des politiques \u00e9clair\u00e9es par des donn\u00e9es probantes pour tous les piliers et \u00e0 des fins d\u2019\u00e9valuation;<\/span><span data-ccp-props=\"{&quot;201341983&quot;:0,&quot;335559739&quot;:160,&quot;335559740&quot;:259}\">\u00a0<\/span><\/li>\n<\/ul>\n<ul>\n<li data-leveltext=\"\uf0b7\" data-font=\"Symbol\" data-listid=\"1\" aria-setsize=\"-1\" data-aria-posinset=\"1\" data-aria-level=\"1\"><span data-contrast=\"auto\">Adopter les principes de bonne gouvernance.<\/span><span data-ccp-props=\"{&quot;201341983&quot;:0,&quot;335559739&quot;:160,&quot;335559740&quot;:259}\">\u00a0<\/span><\/li>\n<\/ul>\n","background_color_left":false,"content_block_right":"<p>&nbsp;<\/p>\n<p>&nbsp;<\/p>\n<p><img loading=\"lazy\" decoding=\"async\" class=\"size-full wp-image-10218 aligncenter\" src=\"https:\/\/preventionsida.org\/wp-content\/uploads\/2022\/03\/ruban-rouge.png\" alt=\"\" width=\"254\" height=\"202\" \/><\/p>\n","background_color_right":false},{"acf_fc_layout":"textfull","text":"<h2 style=\"text-align: left;\"><span class=\"TextRun BCX0 SCXW71463930\" lang=\"FR-FR\" xml:lang=\"FR-FR\" data-contrast=\"auto\"><span class=\"NormalTextRun BCX0 SCXW71463930\">OBJECTIFS ET CIBLES<\/span><\/span><span class=\"EOP BCX0 SCXW71463930\" data-ccp-props=\"{&quot;201341983&quot;:0,&quot;335551550&quot;:1,&quot;335551620&quot;:1,&quot;335559739&quot;:160,&quot;335559740&quot;:259}\">\u00a0<\/span><\/h2>\n<blockquote>\n<p style=\"text-align: center;\"><strong><span class=\"TextRun SCXW106019263 BCX0\" lang=\"FR-FR\" xml:lang=\"FR-FR\" data-contrast=\"auto\"><span class=\"NormalTextRun SCXW106019263 BCX0\">En 2019, 923 nouveaux diagnostics de VIH ont \u00e9t\u00e9 r\u00e9alis\u00e9s en Belgique. Ce qui correspond \u00e0 2,5 nouveaux diagnostics par jour.\u00a0<\/span><\/span><\/strong><\/p>\n<\/blockquote>\n<p>&nbsp;<\/p>\n<p><span class=\"TextRun SCXW120345125 BCX0\" lang=\"FR-FR\" xml:lang=\"FR-FR\" data-contrast=\"auto\"><span class=\"NormalTextRun SCXW120345125 BCX0\">Ce plan vise \u00e0 am\u00e9liorer les diff\u00e9rents aspects de la qualit\u00e9 de vie et de la situation m\u00e9dicale des PVVIH \u2013 infection, diagnostic, traitement et prise en charge \u2013 tout au long de leur vie, en accordant une attention particuli\u00e8re \u00e0 leur bien-\u00eatre et dans le cadre de l\u2019acc\u00e8s universel au traitement et aux soins. Ce plan porte \u00e9galement sur la pr\u00e9vention de l\u2019infection \u00e0 VIH tout en promouvant les conditions d\u2019une sexualit\u00e9 saine et responsable.\u00a0\u00a0<\/span><\/span><span class=\"EOP SCXW120345125 BCX0\" data-ccp-props=\"{&quot;201341983&quot;:0,&quot;335559739&quot;:160,&quot;335559740&quot;:259}\">\u00a0<\/span><\/p>\n","background_color":false},{"acf_fc_layout":"doubleblock","content_block_left":"<h2><span class=\"TextRun SCXW155492183 BCX0\" lang=\"FR-FR\" xml:lang=\"FR-FR\" data-contrast=\"auto\"><span class=\"NormalTextRun SCXW155492183 BCX0\">LA CR\u00c9ATION DU PLAN GR\u00c2CE AU COMIT\u00c9 DE MONITORING<\/span><\/span><span class=\"EOP SCXW155492183 BCX0\" data-ccp-props=\"{&quot;201341983&quot;:0,&quot;335559739&quot;:160,&quot;335559740&quot;:259}\">\u00a0<\/span><\/h2>\n<p><span class=\"TextRun SCXW235978780 BCX0\" lang=\"FR-FR\" xml:lang=\"FR-FR\" data-contrast=\"auto\"><span class=\"NormalTextRun SCXW235978780 BCX0\">Depuis sa premi\u00e8re \u00e9dition en 2014, le Plan VIH belge r\u00e9unit des experts de toutes disciplines qui ont tiss\u00e9 des liens de collaboration dans l\u2019ensemble du territoire belge. Cela a \u00e9galement \u00e9t\u00e9 le cas pour la pr\u00e9sente \u00e9dition du plan 2020-2026, qui n\u2019aurait pu voir le jour sans une telle collaboration.\u00a0\u00a0<\/span><\/span><span class=\"EOP SCXW235978780 BCX0\" data-ccp-props=\"{&quot;201341983&quot;:0,&quot;335559739&quot;:160,&quot;335559740&quot;:259}\">\u00a0<\/span><\/p>\n","background_color_left":false,"content_block_right":"<h2><span class=\"TextRun SCXW17626900 BCX0\" lang=\"FR-FR\" xml:lang=\"FR-FR\" data-contrast=\"auto\"><span class=\"NormalTextRun SCXW17626900 BCX0\">NEXT STEP\u00a0<\/span><\/span><span class=\"EOP SCXW17626900 BCX0\" data-ccp-props=\"{&quot;201341983&quot;:0,&quot;335551550&quot;:1,&quot;335551620&quot;:1,&quot;335559739&quot;:160,&quot;335559740&quot;:259}\">\u00a0<\/span><\/h2>\n<p><span class=\"TextRun SCXW193823831 BCX0\" lang=\"FR-FR\" xml:lang=\"FR-FR\" data-contrast=\"auto\"><span class=\"NormalTextRun SCXW193823831 BCX0\">La proposition du Plan est en discussion avec le comit\u00e9 interminist\u00e9riel Sant\u00e9 publique, qui regroupe tous les ministres de la sant\u00e9 de notre pays, afin de le faire valider par les instances politiques. Et qu\u2019il soit donc un r\u00e9el levier pour faire reculer l\u2019\u00e9pid\u00e9mie du VIH en Belgique.<\/span><\/span><span class=\"EOP SCXW193823831 BCX0\" data-ccp-props=\"{&quot;201341983&quot;:0,&quot;335551550&quot;:1,&quot;335551620&quot;:1,&quot;335559739&quot;:160,&quot;335559740&quot;:259}\">\u00a0<\/span><\/p>\n","background_color_right":true},{"acf_fc_layout":"textfull","text":"<p><a class=\"btn-center\" href=\"https:\/\/hiv-plan.be\/fr\/\">VISITER LE SITE DE LA PROPOSITION DU PLAN VIH 2020-2026<\/a><\/p>\n","background_color":false}]},"_links":{"self":[{"href":"https:\/\/preventionsida.org\/fr\/wp-json\/wp\/v2\/posts\/10202","targetHints":{"allow":["GET"]}}],"collection":[{"href":"https:\/\/preventionsida.org\/fr\/wp-json\/wp\/v2\/posts"}],"about":[{"href":"https:\/\/preventionsida.org\/fr\/wp-json\/wp\/v2\/types\/post"}],"author":[{"embeddable":true,"href":"https:\/\/preventionsida.org\/fr\/wp-json\/wp\/v2\/users\/2"}],"replies":[{"embeddable":true,"href":"https:\/\/preventionsida.org\/fr\/wp-json\/wp\/v2\/comments?post=10202"}],"version-history":[{"count":11,"href":"https:\/\/preventionsida.org\/fr\/wp-json\/wp\/v2\/posts\/10202\/revisions"}],"predecessor-version":[{"id":10225,"href":"https:\/\/preventionsida.org\/fr\/wp-json\/wp\/v2\/posts\/10202\/revisions\/10225"}],"wp:featuredmedia":[{"embeddable":true,"href":"https:\/\/preventionsida.org\/fr\/wp-json\/wp\/v2\/media\/10205"}],"wp:attachment":[{"href":"https:\/\/preventionsida.org\/fr\/wp-json\/wp\/v2\/media?parent=10202"}],"wp:term":[{"taxonomy":"category","embeddable":true,"href":"https:\/\/preventionsida.org\/fr\/wp-json\/wp\/v2\/categories?post=10202"},{"taxonomy":"post_tag","embeddable":true,"href":"https:\/\/preventionsida.org\/fr\/wp-json\/wp\/v2\/tags?post=10202"}],"curies":[{"name":"wp","href":"https:\/\/api.w.org\/{rel}","templated":true}]}}